{"id":1273,"date":"2012-02-24T12:25:08","date_gmt":"2012-02-24T10:25:08","guid":{"rendered":"http:\/\/estreesbmx.com\/?p=1273"},"modified":"2012-02-24T12:25:08","modified_gmt":"2012-02-24T10:25:08","slug":"coupe-de-france-besancon-m1-m2-24-25-mars-2012","status":"publish","type":"post","link":"http:\/\/estreesbmx.com\/?p=1273","title":{"rendered":"COUPE DE FRANCE BESANCON &#8211; M1 &#038; M2 &#8211; 24 &#038; 25 MARS 2012"},"content":{"rendered":"<p style=\"text-align: center;\"><a rel=\"attachment wp-att-1275\" href=\"http:\/\/estreesbmx.com\/?attachment_id=1275\"><img loading=\"lazy\" class=\"alignleft size-medium wp-image-1275\" title=\"aff\" src=\"http:\/\/estreesbmx.com\/wp-content\/uploads\/2012\/02\/aff-247x350.jpg\" alt=\"\" width=\"247\" height=\"350\" srcset=\"http:\/\/estreesbmx.com\/wp-content\/uploads\/2012\/02\/aff-247x350.jpg 247w, http:\/\/estreesbmx.com\/wp-content\/uploads\/2012\/02\/aff-141x200.jpg 141w, http:\/\/estreesbmx.com\/wp-content\/uploads\/2012\/02\/aff.jpg 509w\" sizes=\"(max-width: 247px) 100vw, 247px\" \/><\/a><\/p>\n<p style=\"text-align: center;\">Vous trouverez ci-dessous le dossier d&rsquo;invitation pour les manches M1 &amp; M2 de la Coupe de France \u00e0 Besan\u00e7on qui se d\u00e9roulera les 24 et 25 Mars 2012.<br \/>\n<strong>Epreuve ouverte aux pilotes autoris\u00e9s uniquement.<\/strong><\/p>\n<p style=\"text-align: center;\">Pilotes du club : modalit\u00e9s d&rsquo;inscription habituelles (r\u00e8glement imp\u00e9ratif avant la cl\u00f4ture des inscriptions).<br \/>\nPour plus de renseignements :\u00a0Jean-Pierre KOHUT\u00a0<a href=\"mailto:jipeka@estreesbmx.com\">jipeka@estreesbmx.com<\/a>\u00a0<strong><br \/>\n<\/strong>Merci de votre compr\u00e9hension.<br \/>\n<p><img src=\"http:\/\/estreesbmx.com\/wp-content\/plugins\/wp-downloadmanager\/images\/ext\/pdf.gif\" alt=\"\" title=\"\" style=\"vertical-align: middle;\" \/>&nbsp;&nbsp;<strong><a href=\"http:\/\/estreesbmx.com\/?dl_id=70\">Dossier d'invitation<\/a><\/strong> (386,5 KiB)<\/p><\/p>\n","protected":false},"excerpt":{"rendered":"<p>Vous trouverez ci-dessous le dossier d&rsquo;invitation pour les manches M1 &amp; M2 de la Coupe de France \u00e0 Besan\u00e7on qui se d\u00e9roulera les 24 et 25 Mars 2012. Epreuve ouverte aux pilotes autoris\u00e9s uniquement. Pilotes du club : modalit\u00e9s d&rsquo;inscription habituelles (r\u00e8glement imp\u00e9ratif avant la cl\u00f4ture des inscriptions). Pour plus de renseignements :\u00a0Jean-Pierre KOHUT\u00a0jipeka@estreesbmx.com\u00a0 Merci [&hellip;]<\/p>\n","protected":false},"author":3,"featured_media":0,"comment_status":"closed","ping_status":"open","sticky":false,"template":"","format":"standard","meta":{"ngg_post_thumbnail":0},"categories":[1,6],"tags":[],"_links":{"self":[{"href":"http:\/\/estreesbmx.com\/index.php?rest_route=\/wp\/v2\/posts\/1273"}],"collection":[{"href":"http:\/\/estreesbmx.com\/index.php?rest_route=\/wp\/v2\/posts"}],"about":[{"href":"http:\/\/estreesbmx.com\/index.php?rest_route=\/wp\/v2\/types\/post"}],"author":[{"embeddable":true,"href":"http:\/\/estreesbmx.com\/index.php?rest_route=\/wp\/v2\/users\/3"}],"replies":[{"embeddable":true,"href":"http:\/\/estreesbmx.com\/index.php?rest_route=%2Fwp%2Fv2%2Fcomments&post=1273"}],"version-history":[{"count":13,"href":"http:\/\/estreesbmx.com\/index.php?rest_route=\/wp\/v2\/posts\/1273\/revisions"}],"predecessor-version":[{"id":1287,"href":"http:\/\/estreesbmx.com\/index.php?rest_route=\/wp\/v2\/posts\/1273\/revisions\/1287"}],"wp:attachment":[{"href":"http:\/\/estreesbmx.com\/index.php?rest_route=%2Fwp%2Fv2%2Fmedia&parent=1273"}],"wp:term":[{"taxonomy":"category","embeddable":true,"href":"http:\/\/estreesbmx.com\/index.php?rest_route=%2Fwp%2Fv2%2Fcategories&post=1273"},{"taxonomy":"post_tag","embeddable":true,"href":"http:\/\/estreesbmx.com\/index.php?rest_route=%2Fwp%2Fv2%2Ftags&post=1273"}],"curies":[{"name":"wp","href":"https:\/\/api.w.org\/{rel}","templated":true}]}}